{"id":9682,"date":"2022-10-21T14:28:20","date_gmt":"2022-10-21T19:28:20","guid":{"rendered":"https:\/\/2811global.com\/climate-action-academy-launch-2020-ii\/"},"modified":"2023-03-03T16:23:26","modified_gmt":"2023-03-03T21:23:26","slug":"climate-action-academy-launch-2020-ii","status":"publish","type":"post","link":"https:\/\/2811global.com\/en\/climate-action-academy-launch-2020-ii\/","title":{"rendered":"Climate Action Academy Launch &#8211; 2020 II"},"content":{"rendered":"\t\t<div data-elementor-type=\"wp-post\" data-elementor-id=\"9682\" class=\"elementor elementor-9682 elementor-3239\" data-elementor-post-type=\"post\">\n\t\t\t\t\t\t\t\t\t<section data-particle_enable=\"false\" data-particle-mobile-disabled=\"false\" class=\"elementor-section elementor-top-section elementor-element elementor-element-3f1992b elementor-section-boxed elementor-section-height-default elementor-section-height-default\" data-id=\"3f1992b\" data-element_type=\"section\" data-settings=\"{&quot;jet_parallax_layout_list&quot;:[],&quot;_ha_eqh_enable&quot;:false}\">\n\t\t\t\t\t\t<div class=\"elementor-container elementor-column-gap-default\">\n\t\t\t\t\t<div class=\"elementor-column elementor-col-100 elementor-top-column elementor-element elementor-element-3fb845a\" data-id=\"3fb845a\" data-element_type=\"column\">\n\t\t\t<div class=\"elementor-widget-wrap elementor-element-populated\">\n\t\t\t\t\t\t\t\t<div class=\"elementor-element elementor-element-f58fac9 elementor-widget elementor-widget-image\" data-id=\"f58fac9\" data-element_type=\"widget\" data-widget_type=\"image.default\">\n\t\t\t\t<div class=\"elementor-widget-container\">\n\t\t\t<style>\/*! elementor - v3.15.0 - 09-08-2023 *\/\n.elementor-widget-image{text-align:center}.elementor-widget-image a{display:inline-block}.elementor-widget-image a img[src$=\".svg\"]{width:48px}.elementor-widget-image img{vertical-align:middle;display:inline-block}<\/style>\t\t\t\t\t\t\t\t\t\t\t\t<img decoding=\"async\" width=\"532\" height=\"410\" src=\"https:\/\/2811global.com\/wp-content\/uploads\/2022\/10\/Lanzamiento-de-la-academia-de-accion-climatica-2020-ll-1.png\" class=\"attachment-large size-large wp-image-3241\" alt=\"\" srcset=\"https:\/\/2811global.com\/wp-content\/uploads\/2022\/10\/Lanzamiento-de-la-academia-de-accion-climatica-2020-ll-1.png 532w, https:\/\/2811global.com\/wp-content\/uploads\/2022\/10\/Lanzamiento-de-la-academia-de-accion-climatica-2020-ll-1-500x385.png 500w\" sizes=\"(max-width: 532px) 100vw, 532px\" \/>\t\t\t\t\t\t\t\t\t\t\t\t\t\t\t<\/div>\n\t\t\t\t<\/div>\n\t\t\t\t\t<\/div>\n\t\t<\/div>\n\t\t\t\t\t\t\t<\/div>\n\t\t<\/section>\n\t\t\t\t<section data-particle_enable=\"false\" data-particle-mobile-disabled=\"false\" class=\"elementor-section elementor-top-section elementor-element elementor-element-da8a411 elementor-section-boxed elementor-section-height-default elementor-section-height-default\" data-id=\"da8a411\" data-element_type=\"section\" data-settings=\"{&quot;jet_parallax_layout_list&quot;:[],&quot;_ha_eqh_enable&quot;:false}\">\n\t\t\t\t\t\t<div class=\"elementor-container elementor-column-gap-default\">\n\t\t\t\t\t<div class=\"elementor-column elementor-col-100 elementor-top-column elementor-element elementor-element-5c6deaf\" data-id=\"5c6deaf\" data-element_type=\"column\">\n\t\t\t<div class=\"elementor-widget-wrap elementor-element-populated\">\n\t\t\t\t\t\t\t\t<div class=\"elementor-element elementor-element-c3ddbe0 elementor-widget elementor-widget-text-editor\" data-id=\"c3ddbe0\" data-element_type=\"widget\" data-widget_type=\"text-editor.default\">\n\t\t\t\t<div class=\"elementor-widget-container\">\n\t\t\t<style>\/*! elementor - v3.15.0 - 09-08-2023 *\/\n.elementor-widget-text-editor.elementor-drop-cap-view-stacked .elementor-drop-cap{background-color:#69727d;color:#fff}.elementor-widget-text-editor.elementor-drop-cap-view-framed .elementor-drop-cap{color:#69727d;border:3px solid;background-color:transparent}.elementor-widget-text-editor:not(.elementor-drop-cap-view-default) .elementor-drop-cap{margin-top:8px}.elementor-widget-text-editor:not(.elementor-drop-cap-view-default) .elementor-drop-cap-letter{width:1em;height:1em}.elementor-widget-text-editor .elementor-drop-cap{float:left;text-align:center;line-height:1;font-size:50px}.elementor-widget-text-editor .elementor-drop-cap-letter{display:inline-block}<\/style>\t\t\t\t<p>November 2020 \/ Launch of the Climate Action Academy with the participation of more than 200 teachers in Colombia and Chile.<\/p>\n<p>During the month of November, starting on Monday the 2nd and ending on Friday the 27th, since 2811 we have been leading this learning community, with the participation of more than 190 teachers located in more than 30 cities in Latin America, among which are: Bogot\u00e1 , Cartagena, Manizales, Medell\u00edn, Mocoa, San Roque, Maicao in Colombia, and Santiago, Linares, Antofagasta, Temuco, Ays\u00e9n and Curacaut\u00edn in Chile.<\/p>\n<p>The training provided basic knowledge on the climate crisis, the regional context and also complementary visual and didactic tools to the curriculum. Visual tools are practical elements of co-creation that refer to design thinking, uncertainty management, creativity, and teamwork.<\/p>\n<p>The participating teachers were certified by 2811 and ClimateKIC, the community of innovation and knowledge for climate action of the European Union, which supports the methodology and positions cities internationally, strengthening the ecosystem of action because of the weather.<\/p>\n<p>The Climate Action Academy (AAC) is a virtual training program on climate change and green solutions for teachers. The goal is that these topics are included in the curricula at the local level and that teachers feel better prepared to teach about climate change through the perspective of any subject, not limited to mathematics and science, but also through geography. , civic education, art and language, among others.<\/p>\n<p>It is a program led by 2811 and that has the support of technical allies such as the Latin American Education Network for the Environment (REDLAMA), the Center for Climate Science and Resilience (CR2), the University of Chile, the Universidad Ean and OPECA.<\/p>\n\t\t\t\t\t\t<\/div>\n\t\t\t\t<\/div>\n\t\t\t\t\t<\/div>\n\t\t<\/div>\n\t\t\t\t\t\t\t<\/div>\n\t\t<\/section>\n\t\t\t\t<section data-particle_enable=\"false\" data-particle-mobile-disabled=\"false\" class=\"elementor-section elementor-top-section elementor-element elementor-element-4b38a6f3 elementor-section-boxed elementor-section-height-default elementor-section-height-default\" data-id=\"4b38a6f3\" data-element_type=\"section\" data-settings=\"{&quot;jet_parallax_layout_list&quot;:[],&quot;_ha_eqh_enable&quot;:false}\">\n\t\t\t\t\t\t<div class=\"elementor-container elementor-column-gap-default\">\n\t\t\t\t\t<div class=\"elementor-column elementor-col-100 elementor-top-column elementor-element elementor-element-3d4b9529\" data-id=\"3d4b9529\" data-element_type=\"column\">\n\t\t\t<div class=\"elementor-widget-wrap elementor-element-populated\">\n\t\t\t\t\t\t\t\t<div class=\"elementor-element elementor-element-27dc7657 elementor-widget elementor-widget-heading\" data-id=\"27dc7657\" data-element_type=\"widget\" data-widget_type=\"heading.default\">\n\t\t\t\t<div class=\"elementor-widget-container\">\n\t\t\t<style>\/*! elementor - v3.15.0 - 09-08-2023 *\/\n.elementor-heading-title{padding:0;margin:0;line-height:1}.elementor-widget-heading .elementor-heading-title[class*=elementor-size-]>a{color:inherit;font-size:inherit;line-height:inherit}.elementor-widget-heading .elementor-heading-title.elementor-size-small{font-size:15px}.elementor-widget-heading .elementor-heading-title.elementor-size-medium{font-size:19px}.elementor-widget-heading .elementor-heading-title.elementor-size-large{font-size:29px}.elementor-widget-heading .elementor-heading-title.elementor-size-xl{font-size:39px}.elementor-widget-heading .elementor-heading-title.elementor-size-xxl{font-size:59px}<\/style><h2 class=\"elementor-heading-title elementor-size-default\">BE PART OF THE NEXT VERSION!<\/h2>\t\t<\/div>\n\t\t\t\t<\/div>\n\t\t\t\t<div class=\"elementor-element elementor-element-7461a3db elementor-widget elementor-widget-text-editor\" data-id=\"7461a3db\" data-element_type=\"widget\" data-widget_type=\"text-editor.default\">\n\t\t\t\t<div class=\"elementor-widget-container\">\n\t\t\t\t\t\t\t<p>Be part of the next cohort in the first semester of 2021! Do not hesitate to contact us at formacion@2811.cl in case you want to register or register teachers from your institution.<\/p>\n\t\t\t\t\t\t<\/div>\n\t\t\t\t<\/div>\n\t\t\t\t\t<\/div>\n\t\t<\/div>\n\t\t\t\t\t\t\t<\/div>\n\t\t<\/section>\n\t\t\t\t<section data-particle_enable=\"false\" data-particle-mobile-disabled=\"false\" class=\"elementor-section elementor-top-section elementor-element elementor-element-dc7086d elementor-section-boxed elementor-section-height-default elementor-section-height-default\" data-id=\"dc7086d\" data-element_type=\"section\" data-settings=\"{&quot;jet_parallax_layout_list&quot;:[],&quot;background_background&quot;:&quot;classic&quot;,&quot;_ha_eqh_enable&quot;:false}\">\n\t\t\t\t\t\t<div class=\"elementor-container elementor-column-gap-default\">\n\t\t\t\t\t<div class=\"elementor-column elementor-col-100 elementor-top-column elementor-element elementor-element-cf1738f\" data-id=\"cf1738f\" data-element_type=\"column\">\n\t\t\t<div class=\"elementor-widget-wrap elementor-element-populated\">\n\t\t\t\t\t\t\t\t<div class=\"elementor-element elementor-element-ced70bb espacio1 elementor-widget elementor-widget-heading\" data-id=\"ced70bb\" data-element_type=\"widget\" data-widget_type=\"heading.default\">\n\t\t\t\t<div class=\"elementor-widget-container\">\n\t\t\t<h2 class=\"elementor-heading-title elementor-size-default\">Related Posts<\/h2>\t\t<\/div>\n\t\t\t\t<\/div>\n\t\t\t\t<div class=\"elementor-element elementor-element-875b7b0 elementor-grid-eael-col-3 elementor-grid-tablet-eael-col-2 elementor-grid-mobile-eael-col-1 elementor-widget elementor-widget-eael-post-grid\" data-id=\"875b7b0\" data-element_type=\"widget\" data-settings=\"{&quot;eael_post_grid_columns&quot;:&quot;eael-col-3&quot;,&quot;eael_post_grid_columns_tablet&quot;:&quot;eael-col-2&quot;,&quot;eael_post_grid_columns_mobile&quot;:&quot;eael-col-1&quot;}\" data-widget_type=\"eael-post-grid.default\">\n\t\t\t\t<div class=\"elementor-widget-container\">\n\t\t\t<div id=\"eael-post-grid-875b7b0\" class=\"eael-post-grid-container\">\n            <div class=\"eael-post-grid eael-post-appender eael-post-appender-875b7b0 eael-post-grid-style-default\" data-layout-mode=\"grid\"><article class=\"eael-grid-post eael-post-grid-column\" data-id=\"10632\">\n        <div class=\"eael-grid-post-holder\">\n            <div class=\"eael-grid-post-holder-inner\"><div class=\"eael-entry-media\"><div class=\"eael-entry-overlay fade-in\"><i class=\"fas fa-link\" aria-hidden=\"true\"><\/i><a href=\"https:\/\/2811global.com\/en\/sustainability-speaks-of-a-future-regeneration-invites-us-to-recognize-the-past\/\"target=\"_blank\"><\/a><\/div><div class=\"eael-entry-thumbnail eael-image-ratio\">\n                <img width=\"500\" height=\"361\" src=\"https:\/\/2811global.com\/wp-content\/uploads\/2023\/03\/Felipe_10-500x361.jpeg\" class=\"attachment-medium size-medium wp-image-10482\" alt=\"Felipe Fontecilla\" decoding=\"async\" srcset=\"https:\/\/2811global.com\/wp-content\/uploads\/2023\/03\/Felipe_10-500x361.jpeg 500w, https:\/\/2811global.com\/wp-content\/uploads\/2023\/03\/Felipe_10-1024x740.jpeg 1024w, https:\/\/2811global.com\/wp-content\/uploads\/2023\/03\/Felipe_10-768x555.jpeg 768w, https:\/\/2811global.com\/wp-content\/uploads\/2023\/03\/Felipe_10-1536x1110.jpeg 1536w, https:\/\/2811global.com\/wp-content\/uploads\/2023\/03\/Felipe_10-2048x1480.jpeg 2048w\" sizes=\"(max-width: 500px) 100vw, 500px\" \/>\n            <\/div>\n        <\/div><div class=\"eael-entry-wrapper\"><header class=\"eael-entry-header\"><h2 class=\"eael-entry-title\"><a\n                        class=\"eael-grid-post-link\"\n                        href=\"https:\/\/2811global.com\/en\/sustainability-speaks-of-a-future-regeneration-invites-us-to-recognize-the-past\/\"\n                        title=\"&#8220;Sustainability speaks of a future, regeneration invites us to recognize the past&#8221;\"target=\"_blank\">&#8220;Sustainability speaks of a future, regeneration invites us to recognize the past&#8221;<\/a><\/h2><\/header><div class=\"eael-entry-content\">\n                        <div class=\"eael-grid-post-excerpt\"><p>Felipe Fontecilla spoke to us about his perspectives and opinions in his early days as director of Acci\u00f3n Clim\u00e1tica in [...]<\/p><a\n                            href=\"https:\/\/2811global.com\/en\/sustainability-speaks-of-a-future-regeneration-invites-us-to-recognize-the-past\/\"\n                            class=\"eael-post-elements-readmore-btn\"target=\"_blank\">Read more<\/a><\/div>\n                    <\/div><div class=\"eael-entry-footer\"><div class=\"eael-entry-meta\"><\/div><\/div><\/div><\/div>\n        <\/div>\n    <\/article><article class=\"eael-grid-post eael-post-grid-column\" data-id=\"9699\">\n        <div class=\"eael-grid-post-holder\">\n            <div class=\"eael-grid-post-holder-inner\"><div class=\"eael-entry-media\"><div class=\"eael-entry-overlay fade-in\"><i class=\"fas fa-link\" aria-hidden=\"true\"><\/i><a href=\"https:\/\/2811global.com\/en\/food-resilience-an-action-against-climate-change\/\"target=\"_blank\"><\/a><\/div><div class=\"eael-entry-thumbnail eael-image-ratio\">\n                <img width=\"500\" height=\"333\" src=\"https:\/\/2811global.com\/wp-content\/uploads\/2023\/01\/Edicion3-500x333.jpg\" class=\"attachment-medium size-medium wp-image-7100\" alt=\"Resiliencia alimentaria\" decoding=\"async\" srcset=\"https:\/\/2811global.com\/wp-content\/uploads\/2023\/01\/Edicion3-500x333.jpg 500w, https:\/\/2811global.com\/wp-content\/uploads\/2023\/01\/Edicion3-1024x683.jpg 1024w, https:\/\/2811global.com\/wp-content\/uploads\/2023\/01\/Edicion3-768x512.jpg 768w, https:\/\/2811global.com\/wp-content\/uploads\/2023\/01\/Edicion3.jpg 1080w\" sizes=\"(max-width: 500px) 100vw, 500px\" \/>\n            <\/div>\n        <\/div><div class=\"eael-entry-wrapper\"><header class=\"eael-entry-header\"><h2 class=\"eael-entry-title\"><a\n                        class=\"eael-grid-post-link\"\n                        href=\"https:\/\/2811global.com\/en\/food-resilience-an-action-against-climate-change\/\"\n                        title=\"Food resilience: an action against climate change\"target=\"_blank\">Food resilience: an action against climate change<\/a><\/h2><\/header><div class=\"eael-entry-content\">\n                        <div class=\"eael-grid-post-excerpt\"><p>Resilience invites us to consider how we obtain food and how we use it to feed ourselves.<\/p><a\n                            href=\"https:\/\/2811global.com\/en\/food-resilience-an-action-against-climate-change\/\"\n                            class=\"eael-post-elements-readmore-btn\"target=\"_blank\">Read more<\/a><\/div>\n                    <\/div><div class=\"eael-entry-footer\"><div class=\"eael-entry-meta\"><\/div><\/div><\/div><\/div>\n        <\/div>\n    <\/article><article class=\"eael-grid-post eael-post-grid-column\" data-id=\"9701\">\n        <div class=\"eael-grid-post-holder\">\n            <div class=\"eael-grid-post-holder-inner\"><div class=\"eael-entry-media\"><div class=\"eael-entry-overlay fade-in\"><i class=\"fas fa-link\" aria-hidden=\"true\"><\/i><a href=\"https:\/\/2811global.com\/en\/green-practices-to-make-your-company-more-environmentally-friendly\/\"target=\"_blank\"><\/a><\/div><div class=\"eael-entry-thumbnail eael-image-ratio\">\n                <img width=\"500\" height=\"411\" src=\"https:\/\/2811global.com\/wp-content\/uploads\/2023\/02\/IMG_5302-2-500x411.jpeg\" class=\"attachment-medium size-medium wp-image-9301\" alt=\"Pr\u00e1cticas verdes\" decoding=\"async\" srcset=\"https:\/\/2811global.com\/wp-content\/uploads\/2023\/02\/IMG_5302-2-500x411.jpeg 500w, https:\/\/2811global.com\/wp-content\/uploads\/2023\/02\/IMG_5302-2-1024x841.jpeg 1024w, https:\/\/2811global.com\/wp-content\/uploads\/2023\/02\/IMG_5302-2-768x631.jpeg 768w, https:\/\/2811global.com\/wp-content\/uploads\/2023\/02\/IMG_5302-2-1536x1261.jpeg 1536w, https:\/\/2811global.com\/wp-content\/uploads\/2023\/02\/IMG_5302-2-2048x1682.jpeg 2048w\" sizes=\"(max-width: 500px) 100vw, 500px\" \/>\n            <\/div>\n        <\/div><div class=\"eael-entry-wrapper\"><header class=\"eael-entry-header\"><h2 class=\"eael-entry-title\"><a\n                        class=\"eael-grid-post-link\"\n                        href=\"https:\/\/2811global.com\/en\/green-practices-to-make-your-company-more-environmentally-friendly\/\"\n                        title=\"Green practices to make your company more environmentally friendly\"target=\"_blank\">Green practices to make your company more environmentally friendly<\/a><\/h2><\/header><div class=\"eael-entry-content\">\n                        <div class=\"eael-grid-post-excerpt\"><p>Sustainability and green practices are all the rage today. Why then not take advantage of this with your company?<\/p><a\n                            href=\"https:\/\/2811global.com\/en\/green-practices-to-make-your-company-more-environmentally-friendly\/\"\n                            class=\"eael-post-elements-readmore-btn\"target=\"_blank\">Read more<\/a><\/div>\n                    <\/div><div class=\"eael-entry-footer\"><div class=\"eael-entry-meta\"><\/div><\/div><\/div><\/div>\n        <\/div>\n    <\/article><\/div>\n            <div class=\"clearfix\"><\/div>\n        <\/div>            <div class=\"eael-load-more-button-wrap\">\n                <button class=\"eael-load-more-button\" id=\"eael-load-more-btn-875b7b0\" data-widget-id=\"875b7b0\" data-widget=\"875b7b0\" data-page-id=\"9682\" data-nonce=\"03407c92bf\" data-template=\"{&quot;dir&quot;:&quot;lite&quot;,&quot;file_name&quot;:&quot;default.php&quot;,&quot;name&quot;:&quot;Post-Grid&quot;}\" data-class=\"Essential_Addons_Elementor\\Elements\\Post_Grid\" data-layout=\"grid\" data-page=\"1\" data-args=\"orderby=date&amp;order=desc&amp;ignore_sticky_posts=1&amp;post_status=publish&amp;posts_per_page=3&amp;offset=&amp;post_type=post&amp;tax_query%5B0%5D%5Btaxonomy%5D=category&amp;tax_query%5B0%5D%5Bfield%5D=term_id&amp;tax_query%5B0%5D%5Bterms%5D%5B0%5D=24&amp;tax_query%5Brelation%5D=AND\" data-max-page=\"7\">\n                    <div class=\"eael-btn-loader button__loader\"><\/div>\n                    <span>Load more<\/span>\n                <\/button>\n            <\/div>\n        \t\t<\/div>\n\t\t\t\t<\/div>\n\t\t\t\t\t<\/div>\n\t\t<\/div>\n\t\t\t\t\t\t\t<\/div>\n\t\t<\/section>\n\t\t\t\t\t\t\t<\/div>\n\t\t","protected":false},"excerpt":{"rendered":"<p>November 2020 \/ Launch of the Climate Action Academy with the participation of more than 200 teachers in Colombia and Chile. During the month of November, starting on Monday the 2nd and ending on Friday the 27th, since 2811 we have been leading this learning community, with the participation of more than 190 teachers located &hellip;<\/p>\n<p class=\"read-more\"> <a class=\"\" href=\"https:\/\/2811global.com\/en\/green-practices-to-make-your-company-more-environmentally-friendly\/\"> <span class=\"screen-reader-text\">Green practices to make your company more environmentally friendly<\/span> Read More &raquo;<\/a><\/p>\n","protected":false},"author":4,"featured_media":6271,"comment_status":"closed","ping_status":"closed","sticky":false,"template":"","format":"standard","meta":{"site-sidebar-layout":"default","site-content-layout":"","ast-site-content-layout":"","site-content-style":"default","site-sidebar-style":"default","ast-global-header-display":"","ast-banner-title-visibility":"","ast-main-header-display":"","ast-hfb-above-header-display":"","ast-hfb-below-header-display":"","ast-hfb-mobile-header-display":"","site-post-title":"","ast-breadcrumbs-content":"","ast-featured-img":"","footer-sml-layout":"","theme-transparent-header-meta":"","adv-header-id-meta":"","stick-header-meta":"","header-above-stick-meta":"","header-main-stick-meta":"","header-below-stick-meta":"","astra-migrate-meta-layouts":"","footnotes":""},"categories":[64],"tags":[],"yoast_head":"<!-- This site is optimized with the Yoast SEO Premium plugin v20.3 (Yoast SEO v21.1) - https:\/\/yoast.com\/wordpress\/plugins\/seo\/ -->\n<title>Climate Action Academy Launch - 2020 II | 2811global<\/title>\n<meta name=\"description\" content=\"Launch of the Climate Action Academy 2020 second edition: training for climate leaders and change agents.\" \/>\n<meta name=\"robots\" content=\"index, follow, max-snippet:-1, max-image-preview:large, max-video-preview:-1\" \/>\n<link rel=\"canonical\" href=\"https:\/\/2811global.com\/en\/climate-action-academy-launch-2020-ii\/\" \/>\n<meta property=\"og:locale\" content=\"en_US\" \/>\n<meta property=\"og:type\" content=\"article\" \/>\n<meta property=\"og:title\" content=\"Climate Action Academy Launch - 2020 II\" \/>\n<meta property=\"og:description\" content=\"Launch of the Climate Action Academy 2020 second edition: training for climate leaders and change agents.\" \/>\n<meta property=\"og:url\" content=\"https:\/\/2811global.com\/en\/climate-action-academy-launch-2020-ii\/\" \/>\n<meta property=\"og:site_name\" content=\"2811global\" \/>\n<meta property=\"article:published_time\" content=\"2022-10-21T19:28:20+00:00\" \/>\n<meta property=\"article:modified_time\" content=\"2023-03-03T21:23:26+00:00\" \/>\n<meta property=\"og:image\" content=\"https:\/\/2811global.com\/wp-content\/uploads\/2022\/10\/Lanzamiento-de-la-academia-de-accion-climatica-2020-ll-1.png\" \/>\n\t<meta property=\"og:image:width\" content=\"532\" \/>\n\t<meta property=\"og:image:height\" content=\"410\" \/>\n\t<meta property=\"og:image:type\" content=\"image\/png\" \/>\n<meta name=\"author\" content=\"Equipo 2811\" \/>\n<meta name=\"twitter:card\" content=\"summary_large_image\" \/>\n<meta name=\"twitter:label1\" content=\"Written by\" \/>\n\t<meta name=\"twitter:data1\" content=\"Equipo 2811\" \/>\n\t<meta name=\"twitter:label2\" content=\"Est. reading time\" \/>\n\t<meta name=\"twitter:data2\" content=\"2 minutes\" \/>\n<script type=\"application\/ld+json\" class=\"yoast-schema-graph\">{\"@context\":\"https:\/\/schema.org\",\"@graph\":[{\"@type\":\"Article\",\"@id\":\"https:\/\/2811global.com\/en\/climate-action-academy-launch-2020-ii\/#article\",\"isPartOf\":{\"@id\":\"https:\/\/2811global.com\/en\/climate-action-academy-launch-2020-ii\/\"},\"author\":{\"name\":\"Equipo 2811\",\"@id\":\"https:\/\/2811global.com\/en\/#\/schema\/person\/095f9013f9cfc0619e038ccf2142377b\"},\"headline\":\"Climate Action Academy Launch &#8211; 2020 II\",\"datePublished\":\"2022-10-21T19:28:20+00:00\",\"dateModified\":\"2023-03-03T21:23:26+00:00\",\"mainEntityOfPage\":{\"@id\":\"https:\/\/2811global.com\/en\/climate-action-academy-launch-2020-ii\/\"},\"wordCount\":418,\"publisher\":{\"@id\":\"https:\/\/2811global.com\/en\/#organization\"},\"articleSection\":[\"Ecological Regeneration\"],\"inLanguage\":\"en-US\"},{\"@type\":\"WebPage\",\"@id\":\"https:\/\/2811global.com\/en\/climate-action-academy-launch-2020-ii\/\",\"url\":\"https:\/\/2811global.com\/en\/climate-action-academy-launch-2020-ii\/\",\"name\":\"Climate Action Academy Launch - 2020 II | 2811global\",\"isPartOf\":{\"@id\":\"https:\/\/2811global.com\/en\/#website\"},\"datePublished\":\"2022-10-21T19:28:20+00:00\",\"dateModified\":\"2023-03-03T21:23:26+00:00\",\"description\":\"Launch of the Climate Action Academy 2020 second edition: training for climate leaders and change agents.\",\"breadcrumb\":{\"@id\":\"https:\/\/2811global.com\/en\/climate-action-academy-launch-2020-ii\/#breadcrumb\"},\"inLanguage\":\"en-US\",\"potentialAction\":[{\"@type\":\"ReadAction\",\"target\":[\"https:\/\/2811global.com\/en\/climate-action-academy-launch-2020-ii\/\"]}]},{\"@type\":\"BreadcrumbList\",\"@id\":\"https:\/\/2811global.com\/en\/climate-action-academy-launch-2020-ii\/#breadcrumb\",\"itemListElement\":[{\"@type\":\"ListItem\",\"position\":1,\"name\":\"Home\",\"item\":\"https:\/\/2811global.com\/en\/\"},{\"@type\":\"ListItem\",\"position\":2,\"name\":\"Climate Action Academy Launch &#8211; 2020 II\"}]},{\"@type\":\"WebSite\",\"@id\":\"https:\/\/2811global.com\/en\/#website\",\"url\":\"https:\/\/2811global.com\/en\/\",\"name\":\"2811global\",\"description\":\"Creemos en la capacidad de las personas de co-crear un mejor futuro.\",\"publisher\":{\"@id\":\"https:\/\/2811global.com\/en\/#organization\"},\"potentialAction\":[{\"@type\":\"SearchAction\",\"target\":{\"@type\":\"EntryPoint\",\"urlTemplate\":\"https:\/\/2811global.com\/en\/?s={search_term_string}\"},\"query-input\":\"required name=search_term_string\"}],\"inLanguage\":\"en-US\"},{\"@type\":\"Organization\",\"@id\":\"https:\/\/2811global.com\/en\/#organization\",\"name\":\"2811\",\"url\":\"https:\/\/2811global.com\/en\/\",\"logo\":{\"@type\":\"ImageObject\",\"inLanguage\":\"en-US\",\"@id\":\"https:\/\/2811global.com\/en\/#\/schema\/logo\/image\/\",\"url\":\"https:\/\/2811global.com\/wp-content\/uploads\/2022\/10\/LogoHeader2811.png\",\"contentUrl\":\"https:\/\/2811global.com\/wp-content\/uploads\/2022\/10\/LogoHeader2811.png\",\"width\":187,\"height\":60,\"caption\":\"2811\"},\"image\":{\"@id\":\"https:\/\/2811global.com\/en\/#\/schema\/logo\/image\/\"}},{\"@type\":\"Person\",\"@id\":\"https:\/\/2811global.com\/en\/#\/schema\/person\/095f9013f9cfc0619e038ccf2142377b\",\"name\":\"Equipo 2811\",\"image\":{\"@type\":\"ImageObject\",\"inLanguage\":\"en-US\",\"@id\":\"https:\/\/2811global.com\/en\/#\/schema\/person\/image\/\",\"url\":\"https:\/\/secure.gravatar.com\/avatar\/fdc1c74587c34dfbfb2c1cae34dbc9ab?s=96&r=g\",\"contentUrl\":\"https:\/\/secure.gravatar.com\/avatar\/fdc1c74587c34dfbfb2c1cae34dbc9ab?s=96&r=g\",\"caption\":\"Equipo 2811\"},\"url\":\"https:\/\/2811global.com\/en\/author\/equipo-2811\/\"}]}<\/script>\n<!-- \/ Yoast SEO Premium plugin. -->","yoast_head_json":{"title":"Climate Action Academy Launch - 2020 II | 2811global","description":"Launch of the Climate Action Academy 2020 second edition: training for climate leaders and change agents.","robots":{"index":"index","follow":"follow","max-snippet":"max-snippet:-1","max-image-preview":"max-image-preview:large","max-video-preview":"max-video-preview:-1"},"canonical":"https:\/\/2811global.com\/en\/climate-action-academy-launch-2020-ii\/","og_locale":"en_US","og_type":"article","og_title":"Climate Action Academy Launch - 2020 II","og_description":"Launch of the Climate Action Academy 2020 second edition: training for climate leaders and change agents.","og_url":"https:\/\/2811global.com\/en\/climate-action-academy-launch-2020-ii\/","og_site_name":"2811global","article_published_time":"2022-10-21T19:28:20+00:00","article_modified_time":"2023-03-03T21:23:26+00:00","og_image":[{"width":532,"height":410,"url":"https:\/\/2811global.com\/wp-content\/uploads\/2022\/10\/Lanzamiento-de-la-academia-de-accion-climatica-2020-ll-1.png","type":"image\/png"}],"author":"Equipo 2811","twitter_card":"summary_large_image","twitter_misc":{"Written by":"Equipo 2811","Est. reading time":"2 minutes"},"schema":{"@context":"https:\/\/schema.org","@graph":[{"@type":"Article","@id":"https:\/\/2811global.com\/en\/climate-action-academy-launch-2020-ii\/#article","isPartOf":{"@id":"https:\/\/2811global.com\/en\/climate-action-academy-launch-2020-ii\/"},"author":{"name":"Equipo 2811","@id":"https:\/\/2811global.com\/en\/#\/schema\/person\/095f9013f9cfc0619e038ccf2142377b"},"headline":"Climate Action Academy Launch &#8211; 2020 II","datePublished":"2022-10-21T19:28:20+00:00","dateModified":"2023-03-03T21:23:26+00:00","mainEntityOfPage":{"@id":"https:\/\/2811global.com\/en\/climate-action-academy-launch-2020-ii\/"},"wordCount":418,"publisher":{"@id":"https:\/\/2811global.com\/en\/#organization"},"articleSection":["Ecological Regeneration"],"inLanguage":"en-US"},{"@type":"WebPage","@id":"https:\/\/2811global.com\/en\/climate-action-academy-launch-2020-ii\/","url":"https:\/\/2811global.com\/en\/climate-action-academy-launch-2020-ii\/","name":"Climate Action Academy Launch - 2020 II | 2811global","isPartOf":{"@id":"https:\/\/2811global.com\/en\/#website"},"datePublished":"2022-10-21T19:28:20+00:00","dateModified":"2023-03-03T21:23:26+00:00","description":"Launch of the Climate Action Academy 2020 second edition: training for climate leaders and change agents.","breadcrumb":{"@id":"https:\/\/2811global.com\/en\/climate-action-academy-launch-2020-ii\/#breadcrumb"},"inLanguage":"en-US","potentialAction":[{"@type":"ReadAction","target":["https:\/\/2811global.com\/en\/climate-action-academy-launch-2020-ii\/"]}]},{"@type":"BreadcrumbList","@id":"https:\/\/2811global.com\/en\/climate-action-academy-launch-2020-ii\/#breadcrumb","itemListElement":[{"@type":"ListItem","position":1,"name":"Home","item":"https:\/\/2811global.com\/en\/"},{"@type":"ListItem","position":2,"name":"Climate Action Academy Launch &#8211; 2020 II"}]},{"@type":"WebSite","@id":"https:\/\/2811global.com\/en\/#website","url":"https:\/\/2811global.com\/en\/","name":"2811global","description":"Creemos en la capacidad de las personas de co-crear un mejor futuro.","publisher":{"@id":"https:\/\/2811global.com\/en\/#organization"},"potentialAction":[{"@type":"SearchAction","target":{"@type":"EntryPoint","urlTemplate":"https:\/\/2811global.com\/en\/?s={search_term_string}"},"query-input":"required name=search_term_string"}],"inLanguage":"en-US"},{"@type":"Organization","@id":"https:\/\/2811global.com\/en\/#organization","name":"2811","url":"https:\/\/2811global.com\/en\/","logo":{"@type":"ImageObject","inLanguage":"en-US","@id":"https:\/\/2811global.com\/en\/#\/schema\/logo\/image\/","url":"https:\/\/2811global.com\/wp-content\/uploads\/2022\/10\/LogoHeader2811.png","contentUrl":"https:\/\/2811global.com\/wp-content\/uploads\/2022\/10\/LogoHeader2811.png","width":187,"height":60,"caption":"2811"},"image":{"@id":"https:\/\/2811global.com\/en\/#\/schema\/logo\/image\/"}},{"@type":"Person","@id":"https:\/\/2811global.com\/en\/#\/schema\/person\/095f9013f9cfc0619e038ccf2142377b","name":"Equipo 2811","image":{"@type":"ImageObject","inLanguage":"en-US","@id":"https:\/\/2811global.com\/en\/#\/schema\/person\/image\/","url":"https:\/\/secure.gravatar.com\/avatar\/fdc1c74587c34dfbfb2c1cae34dbc9ab?s=96&r=g","contentUrl":"https:\/\/secure.gravatar.com\/avatar\/fdc1c74587c34dfbfb2c1cae34dbc9ab?s=96&r=g","caption":"Equipo 2811"},"url":"https:\/\/2811global.com\/en\/author\/equipo-2811\/"}]}},"_links":{"self":[{"href":"https:\/\/2811global.com\/en\/wp-json\/wp\/v2\/posts\/9682"}],"collection":[{"href":"https:\/\/2811global.com\/en\/wp-json\/wp\/v2\/posts"}],"about":[{"href":"https:\/\/2811global.com\/en\/wp-json\/wp\/v2\/types\/post"}],"author":[{"embeddable":true,"href":"https:\/\/2811global.com\/en\/wp-json\/wp\/v2\/users\/4"}],"replies":[{"embeddable":true,"href":"https:\/\/2811global.com\/en\/wp-json\/wp\/v2\/comments?post=9682"}],"version-history":[{"count":0,"href":"https:\/\/2811global.com\/en\/wp-json\/wp\/v2\/posts\/9682\/revisions"}],"wp:featuredmedia":[{"embeddable":true,"href":"https:\/\/2811global.com\/en\/wp-json\/wp\/v2\/media\/6271"}],"wp:attachment":[{"href":"https:\/\/2811global.com\/en\/wp-json\/wp\/v2\/media?parent=9682"}],"wp:term":[{"taxonomy":"category","embeddable":true,"href":"https:\/\/2811global.com\/en\/wp-json\/wp\/v2\/categories?post=9682"},{"taxonomy":"post_tag","embeddable":true,"href":"https:\/\/2811global.com\/en\/wp-json\/wp\/v2\/tags?post=9682"}],"curies":[{"name":"wp","href":"https:\/\/api.w.org\/{rel}","templated":true}]}}